{"id":48,"count":3,"description":"\u201ePoprawa jako\u015bci i dost\u0119pno\u015bci kszta\u0142cenia zawodowego w szko\u0142ach ponadpodstawowych wraz z doposa\u017ceniem pracowni w powiecie \u015bwidwi\u0144skim\u201d \r\n\r\n \r\n\r\nProjekt wsp\u00f3\u0142finansowany ze \u015brodk\u00f3w Europejskiego Funduszu Spo\u0142ecznego Plus  \r\n\r\nw ramach programu Fundusze Europejskie dla Pomorza Zachodniego 2021-2027, Dzia\u0142anie 6.10 Edukacja zawodowa (ZIT) nr projektu FEPZ.06.10-IP.01-0009\/25 \r\n\r\n \r\n\r\nBeneficjentem projektu jest POWIAT \u015aWIDWI\u0143SKI \r\n\r\n \r\n\r\nPartnerem projektu\/realizatorem jest Syntea Sp\u00f3\u0142ka Akcyjna z siedzib\u0105 w Lublinie ul. Wojciechowska 9a \r\n\r\n \r\n\r\nRealizatorami projektu s\u0105 szko\u0142y: \r\n\r\n \r\n\r\nZesp\u00f3\u0142 Szk\u00f3\u0142 Rolniczych CKZ im. Stefan \u017beromskiego z siedzib\u0105 w \u015awidwinie przy\u202ful.\u202fSzczeci\u0144skiej 88 dla uczni\u00f3w Technikum i Bran\u017cowej Szko\u0142y I Stopnia.  \r\n\r\n \r\n\r\nZesp\u00f3\u0142 Szk\u00f3\u0142 z siedzib\u0105 w Po\u0142czynie-Zdroju przy ul. St. Staszica 6 dla uczni\u00f3w Technikum.  \r\n\r\n \r\n\r\nW ramach projekt b\u0119d\u0105 realizowane dzia\u0142ania w ka\u017cdej z ww. szk\u00f3\u0142  \r\n\r\n \r\n\r\nPlanowane dzia\u0142ania w projekcie obejmuj\u0105: \r\n\r\nDla Uczni\u00f3w: \r\n\r\nDoradztwo edukacyjno-zawodowe dla wszystkich uczestnik\u00f3w projektu, obejmuj\u0105ce ocen\u0119 indywidualnych potrzeb rozwojowych i edukacyjnych i\/lub predyspozycji osobowych do\u202fwykonywania poszczeg\u00f3lnych zawod\u00f3w \u2013 430 uczni\u00f3w \r\n\r\nSta\u017ce uczniowskie maj\u0105ce na celu zdobycie przez uczestnik\u00f3w do\u015bwiadczenia w rzeczywistych warunkach pracy \u2013 325 uczni\u00f3w \r\n\r\nSzkolenia dla uczni\u00f3w, prowadz\u0105ce do zdobywania nowych kwalifikacji zawodowych. \r\n\r\nZaj\u0119cia przygotowuj\u0105ce do matury dla uczni\u00f3w Technikum w Zespole Szk\u00f3\u0142 Rolniczych im. Stefana \u017beromskiego w \u015awidwinie. \r\n\r\nZaj\u0119cia przygotowuj\u0105ce do egzamin\u00f3w Zawodowych dla uczni\u00f3w Technikum w Zespole Szk\u00f3\u0142 w\u202fPo\u0142czynie-Zdroju. \r\n\r\nWizyty studyjne u pracodawc\u00f3w i\/lub na uczelni. \r\n\r\nIndywidualne wsparcie psychologiczno-pedagogiczne oraz zaj\u0119cia z przeciwdzia\u0142ania uzale\u017cnieniom.  \r\n\r\nWsparcie finansowe dla wybranych uczni\u00f3w: program stypendialny i \u015brodki zapewniaj\u0105ce dojazd na\u202fzaj\u0119cia.   \r\n\r\nDla Nauczycieli \u2013 zaj\u0119cia rozwijaj\u0105ce kompetencje i umiej\u0119tno\u015bci dydaktyczne. \r\n\r\nDoposa\u017cenie pracowni zawodu w nowoczesne narz\u0119dzia dydaktyczne, wspieraj\u0105ce proces nauczania tj.: \r\n\r\nPracownia reklamy, \r\n\r\nPracownia urz\u0105dze\u0144 techniki komputerowej, \r\n\r\nPracownia logistyki, \r\n\r\nPracownia agrotroniki \r\n\r\nPracownia technologii \u017cywienia. \r\n\r\n \r\n\r\nGrupa docelowa: \r\n\r\nProjekt obejmuje 3 publiczne szko\u0142y zawodowe dla kt\u00f3rych organem prowadz\u0105cym jest Powiat \u015awidwi\u0144ski. W\u202fprojekcie we\u017amie udzia\u0142 430 uczni\u00f3w i 43 nauczycieli.  \r\n\r\n \r\n\r\nCelem projektu jest:  \r\n\r\nPodniesienie jako\u015bci kszta\u0142cenia w 3 szko\u0142ach kszta\u0142c\u0105cych w zawodzie z Powiatu  \u015awidwi\u0144skiego: Technikum i\u202fBran\u017cowej Szko\u0142y I Stopnia w \u015awidwinie oraz Technikum w Po\u0142czynie-Zdroju. \r\n\r\nCel zostanie osi\u0105gni\u0119ty poprzez realizacj\u0119 dodatkowych zaj\u0119\u0107 podnosz\u0105cych kompetencje zawodowe, w\u202fszczeg\u00f3lno\u015bci prowadz\u0105cych do uzyskania nowych kwalifikacji i uprawnie\u0144 dla 430 uczni\u00f3w, podniesienie umiej\u0119tno\u015bci  dydaktycznych w zakresie kszta\u0142cenia bran\u017cowego 43 nauczycieli oraz doposa\u017cenie 3 szk\u00f3\u0142, w\u202fokresie trwania projektu od 01.09.2025 do 31.08.2028 roku.  \r\n\r\n \r\n\r\n \r\n\r\nPlanowane rezultaty:  \r\n\r\nPodniesienie umiej\u0119tno\u015bci zawodowych przez 85% uczni\u00f3w w projekcie. \r\n\r\nPodniesienie umiej\u0119tno\u015bci dydaktycznych przez 95% nauczycieli w projekcie.  \r\n\r\nZdobycie praktycznego do\u015bwiadczenia zawodowego u pracodawc\u00f3w przez min. 70% uczni\u00f3w z projektu.  \r\n\r\n \r\n\r\n \r\n\r\nCa\u0142kowita warto\u015b\u0107 projektu: 9\u202f500\u202f000,00 z\u0142 \r\n\r\n \r\n\r\nKwota dofinasowania ze \u015brodk\u00f3w Europejskiego Funduszu Spo\u0142ecznego Plus: 8\u202f406\u202f550,00 z\u0142 \r\n\r\n \r\n\r\n#FunduszeUE \r\n\r\n#Fundusze Europejskie \r\n\r\n ","link":"https:\/\/zspolczyn.edu.pl\/?cat=48","name":"\"Poprawa jako\u015bci i dost\u0119pno\u015bci kszta\u0142cenia zawodowego w szko\u0142ach ponadpodstawowych wraz z doposa\u017ceniem pracowni w powiecie \u015bwidwi\u0144skim\u201d","slug":"projekt-ue","taxonomy":"category","parent":0,"meta":[],"_links":{"self":[{"href":"https:\/\/zspolczyn.edu.pl\/index.php?rest_route=\/wp\/v2\/categories\/48","targetHints":{"allow":["GET"]}}],"collection":[{"href":"https:\/\/zspolczyn.edu.pl\/index.php?rest_route=\/wp\/v2\/categories"}],"about":[{"href":"https:\/\/zspolczyn.edu.pl\/index.php?rest_route=\/wp\/v2\/taxonomies\/category"}],"wp:post_type":[{"href":"https:\/\/zspolczyn.edu.pl\/index.php?rest_route=%2Fwp%2Fv2%2Fposts&categories=48"}],"curies":[{"name":"wp","href":"https:\/\/api.w.org\/{rel}","templated":true}]}}