{"id":10015,"date":"2026-04-22T16:14:00","date_gmt":"2026-04-22T14:14:00","guid":{"rendered":"https:\/\/zspolczyn.edu.pl\/?p=10015"},"modified":"2026-04-27T14:27:54","modified_gmt":"2026-04-27T12:27:54","slug":"kolejna-edycja-konkursu-dla-uczniow-szkol-podstawowych-poliglota","status":"publish","type":"post","link":"https:\/\/zspolczyn.edu.pl\/?p=10015","title":{"rendered":"Kolejna edycja konkursu dla uczni\u00f3w szk\u00f3\u0142 podstawowych &#8222;Poliglota&#8221;"},"content":{"rendered":"\n<p>22 kwietnia 2026 roku w naszej szkole odby\u0142 si\u0119 wyj\u0105tkowy konkurs j\u0119zykowy \u201ePoliglota\u201d w wersji angielsko-niemieckiej, skierowany do uczni\u00f3w klas 7\u20138 szk\u00f3\u0142 podstawowych. <img decoding=\"async\" height=\"16\" width=\"16\" data-src=\"https:\/\/static.xx.fbcdn.net\/images\/emoji.php\/v9\/t96\/1\/16\/1f1ec_1f1e7.png\" alt=\"\ud83c\uddec\ud83c\udde7\" src=\"data:image\/svg+xml;base64,PHN2ZyB3aWR0aD0iMSIgaGVpZ2h0PSIxIiB4bWxucz0iaHR0cDovL3d3dy53My5vcmcvMjAwMC9zdmciPjwvc3ZnPg==\" class=\"lazyload\" style=\"--smush-placeholder-width: 16px; --smush-placeholder-aspect-ratio: 16\/16;\"><img decoding=\"async\" height=\"16\" width=\"16\" data-src=\"https:\/\/static.xx.fbcdn.net\/images\/emoji.php\/v9\/t16\/1\/16\/1f1e9_1f1ea.png\" alt=\"\ud83c\udde9\ud83c\uddea\" src=\"data:image\/svg+xml;base64,PHN2ZyB3aWR0aD0iMSIgaGVpZ2h0PSIxIiB4bWxucz0iaHR0cDovL3d3dy53My5vcmcvMjAwMC9zdmciPjwvc3ZnPg==\" class=\"lazyload\" style=\"--smush-placeholder-width: 16px; --smush-placeholder-aspect-ratio: 16\/16;\"><\/p>\n\n\n\n<p>W wydarzeniu wzi\u0119li udzia\u0142 uczniowie, kt\u00f3rzy z pasj\u0105 rozwijaj\u0105 swoje umiej\u0119tno\u015bci j\u0119zykowe. Konkurs sk\u0142ada\u0142 si\u0119 z cz\u0119\u015bci pisemnej oraz ustnej. Uczestnicy zmierzyli si\u0119 z r\u00f3\u017cnorodnymi zadaniami sprawdzaj\u0105cymi znajomo\u015b\u0107 s\u0142ownictwa, gramatyki, a tak\u017ce wiedzy o krajach anglo- i niemieckojezycznych. Najlepsza dziesi\u0105tka przesz\u0142a do drugiego etapu, ktory zweryfikowa\u0142 umiej\u0119tno\u015b\u0107 swobodnej komunikacji w j\u0119zykach obcych. Nie zabrak\u0142o emocji, zdrowej rywalizacji i \u015bwietnej atmosfery. W IV edycji konkursu j\u0119zykowego uczniowie wykazali si\u0119 nie tylko wiedz\u0105, ale tak\u017ce odwag\u0105 i kreatywno\u015bci\u0105 w pos\u0142ugiwaniu si\u0119 j\u0119zykami obcymi.<\/p>\n\n\n\n<p>Gratulujemy wszystkim uczestnikom wysokiego poziomu przygotowania! <img decoding=\"async\" height=\"16\" width=\"16\" data-src=\"https:\/\/static.xx.fbcdn.net\/images\/emoji.php\/v9\/tfe\/1\/16\/1f44f.png\" alt=\"\ud83d\udc4f\" src=\"data:image\/svg+xml;base64,PHN2ZyB3aWR0aD0iMSIgaGVpZ2h0PSIxIiB4bWxucz0iaHR0cDovL3d3dy53My5vcmcvMjAwMC9zdmciPjwvc3ZnPg==\" class=\"lazyload\" style=\"--smush-placeholder-width: 16px; --smush-placeholder-aspect-ratio: 16\/16;\"><\/p>\n\n\n\n<p>Szczeg\u00f3lne brawa kierujemy do laureat\u00f3w konkursu, kt\u00f3rzy zdobyli najwy\u017csze wyniki i pokazali, \u017ce nauka j\u0119zyk\u00f3w mo\u017ce by\u0107 prawdziw\u0105 pasj\u0105.              A oto zwyci\u0119zcy:<\/p>\n\n\n\n<p><img decoding=\"async\" height=\"16\" width=\"16\" alt=\"\ud83e\udd47\" data-src=\"https:\/\/static.xx.fbcdn.net\/images\/emoji.php\/v9\/t94\/1\/16\/1f947.png\" src=\"data:image\/svg+xml;base64,PHN2ZyB3aWR0aD0iMSIgaGVpZ2h0PSIxIiB4bWxucz0iaHR0cDovL3d3dy53My5vcmcvMjAwMC9zdmciPjwvc3ZnPg==\" class=\"lazyload\" style=\"--smush-placeholder-width: 16px; --smush-placeholder-aspect-ratio: 16\/16;\">1.miejsce &#8211; Kinga J. z ZS-PzOI Nr 2 w Polczynie -Zdroju<\/p>\n\n\n\n<p><img decoding=\"async\" height=\"16\" width=\"16\" alt=\"\ud83e\udd48\" data-src=\"https:\/\/static.xx.fbcdn.net\/images\/emoji.php\/v9\/t15\/1\/16\/1f948.png\" src=\"data:image\/svg+xml;base64,PHN2ZyB3aWR0aD0iMSIgaGVpZ2h0PSIxIiB4bWxucz0iaHR0cDovL3d3dy53My5vcmcvMjAwMC9zdmciPjwvc3ZnPg==\" class=\"lazyload\" style=\"--smush-placeholder-width: 16px; --smush-placeholder-aspect-ratio: 16\/16;\">2.miejsce &#8211; Micha\u0142 N. z ZS-P w R\u0105binie<\/p>\n\n\n\n<p><img decoding=\"async\" height=\"16\" width=\"16\" alt=\"\ud83e\udd49\" data-src=\"https:\/\/static.xx.fbcdn.net\/images\/emoji.php\/v9\/t96\/1\/16\/1f949.png\" src=\"data:image\/svg+xml;base64,PHN2ZyB3aWR0aD0iMSIgaGVpZ2h0PSIxIiB4bWxucz0iaHR0cDovL3d3dy53My5vcmcvMjAwMC9zdmciPjwvc3ZnPg==\" class=\"lazyload\" style=\"--smush-placeholder-width: 16px; --smush-placeholder-aspect-ratio: 16\/16;\">3.miejsce &#8211; Beniamin K. z SP nr 1 w Polczynie-Zdroju.<\/p>\n\n\n\n<p>Gratulujemy i zapraszamy za rok!<\/p>\n\n\n\n<figure class=\"wp-block-image size-large\"><img decoding=\"async\" width=\"1024\" height=\"768\" data-src=\"https:\/\/zspolczyn.edu.pl\/wp-content\/uploads\/2026\/04\/4-6-1024x768.jpg\" alt=\"\" class=\"wp-image-10016 lazyload\" data-srcset=\"https:\/\/zspolczyn.edu.pl\/wp-content\/uploads\/2026\/04\/4-6-1024x768.jpg 1024w, https:\/\/zspolczyn.edu.pl\/wp-content\/uploads\/2026\/04\/4-6-300x225.jpg 300w, https:\/\/zspolczyn.edu.pl\/wp-content\/uploads\/2026\/04\/4-6-768x576.jpg 768w, https:\/\/zspolczyn.edu.pl\/wp-content\/uploads\/2026\/04\/4-6-1536x1152.jpg 1536w, https:\/\/zspolczyn.edu.pl\/wp-content\/uploads\/2026\/04\/4-6-467x350.jpg 467w, https:\/\/zspolczyn.edu.pl\/wp-content\/uploads\/2026\/04\/4-6.jpg 2048w\" data-sizes=\"(max-width: 1024px) 100vw, 1024px\" src=\"data:image\/svg+xml;base64,PHN2ZyB3aWR0aD0iMSIgaGVpZ2h0PSIxIiB4bWxucz0iaHR0cDovL3d3dy53My5vcmcvMjAwMC9zdmciPjwvc3ZnPg==\" style=\"--smush-placeholder-width: 1024px; --smush-placeholder-aspect-ratio: 1024\/768;\" \/><\/figure>\n\n\n\n<p><\/p>\n\n\n\n<div class=\"wp-block-columns is-layout-flex wp-container-core-columns-is-layout-9d6595d7 wp-block-columns-is-layout-flex\">\n<div class=\"wp-block-column is-layout-flow wp-block-column-is-layout-flow\">\n<figure class=\"wp-block-image size-large\"><img decoding=\"async\" width=\"1024\" height=\"1024\" data-src=\"https:\/\/zspolczyn.edu.pl\/wp-content\/uploads\/2026\/04\/3-6-1024x1024.jpg\" alt=\"\" class=\"wp-image-10017 lazyload\" data-srcset=\"https:\/\/zspolczyn.edu.pl\/wp-content\/uploads\/2026\/04\/3-6-1024x1024.jpg 1024w, https:\/\/zspolczyn.edu.pl\/wp-content\/uploads\/2026\/04\/3-6-300x300.jpg 300w, https:\/\/zspolczyn.edu.pl\/wp-content\/uploads\/2026\/04\/3-6-150x150.jpg 150w, https:\/\/zspolczyn.edu.pl\/wp-content\/uploads\/2026\/04\/3-6-768x768.jpg 768w, https:\/\/zspolczyn.edu.pl\/wp-content\/uploads\/2026\/04\/3-6-1536x1536.jpg 1536w, https:\/\/zspolczyn.edu.pl\/wp-content\/uploads\/2026\/04\/3-6-350x350.jpg 350w, https:\/\/zspolczyn.edu.pl\/wp-content\/uploads\/2026\/04\/3-6.jpg 2048w\" data-sizes=\"(max-width: 1024px) 100vw, 1024px\" src=\"data:image\/svg+xml;base64,PHN2ZyB3aWR0aD0iMSIgaGVpZ2h0PSIxIiB4bWxucz0iaHR0cDovL3d3dy53My5vcmcvMjAwMC9zdmciPjwvc3ZnPg==\" style=\"--smush-placeholder-width: 1024px; --smush-placeholder-aspect-ratio: 1024\/1024;\" \/><\/figure>\n<\/div>\n\n\n\n<div class=\"wp-block-column is-layout-flow wp-block-column-is-layout-flow\">\n<figure class=\"wp-block-image size-large\"><img decoding=\"async\" width=\"1024\" height=\"766\" data-src=\"https:\/\/zspolczyn.edu.pl\/wp-content\/uploads\/2026\/04\/7-1-1024x766.jpg\" alt=\"\" class=\"wp-image-10018 lazyload\" data-srcset=\"https:\/\/zspolczyn.edu.pl\/wp-content\/uploads\/2026\/04\/7-1-1024x766.jpg 1024w, https:\/\/zspolczyn.edu.pl\/wp-content\/uploads\/2026\/04\/7-1-300x224.jpg 300w, https:\/\/zspolczyn.edu.pl\/wp-content\/uploads\/2026\/04\/7-1-768x575.jpg 768w, https:\/\/zspolczyn.edu.pl\/wp-content\/uploads\/2026\/04\/7-1-1536x1149.jpg 1536w, https:\/\/zspolczyn.edu.pl\/wp-content\/uploads\/2026\/04\/7-1-468x350.jpg 468w, https:\/\/zspolczyn.edu.pl\/wp-content\/uploads\/2026\/04\/7-1.jpg 2048w\" data-sizes=\"(max-width: 1024px) 100vw, 1024px\" src=\"data:image\/svg+xml;base64,PHN2ZyB3aWR0aD0iMSIgaGVpZ2h0PSIxIiB4bWxucz0iaHR0cDovL3d3dy53My5vcmcvMjAwMC9zdmciPjwvc3ZnPg==\" style=\"--smush-placeholder-width: 1024px; --smush-placeholder-aspect-ratio: 1024\/766;\" \/><\/figure>\n<\/div>\n<\/div>\n\n\n\n<p><\/p>\n\n\n\n<div class=\"wp-block-columns is-layout-flex wp-container-core-columns-is-layout-9d6595d7 wp-block-columns-is-layout-flex\">\n<div class=\"wp-block-column is-layout-flow wp-block-column-is-layout-flow\">\n<figure class=\"wp-block-image size-large\"><img decoding=\"async\" width=\"1024\" height=\"768\" data-src=\"https:\/\/zspolczyn.edu.pl\/wp-content\/uploads\/2026\/04\/1-6-1024x768.jpg\" alt=\"\" class=\"wp-image-10019 lazyload\" data-srcset=\"https:\/\/zspolczyn.edu.pl\/wp-content\/uploads\/2026\/04\/1-6-1024x768.jpg 1024w, https:\/\/zspolczyn.edu.pl\/wp-content\/uploads\/2026\/04\/1-6-300x225.jpg 300w, https:\/\/zspolczyn.edu.pl\/wp-content\/uploads\/2026\/04\/1-6-768x576.jpg 768w, https:\/\/zspolczyn.edu.pl\/wp-content\/uploads\/2026\/04\/1-6-1536x1152.jpg 1536w, https:\/\/zspolczyn.edu.pl\/wp-content\/uploads\/2026\/04\/1-6-467x350.jpg 467w, https:\/\/zspolczyn.edu.pl\/wp-content\/uploads\/2026\/04\/1-6.jpg 2048w\" data-sizes=\"(max-width: 1024px) 100vw, 1024px\" src=\"data:image\/svg+xml;base64,PHN2ZyB3aWR0aD0iMSIgaGVpZ2h0PSIxIiB4bWxucz0iaHR0cDovL3d3dy53My5vcmcvMjAwMC9zdmciPjwvc3ZnPg==\" style=\"--smush-placeholder-width: 1024px; --smush-placeholder-aspect-ratio: 1024\/768;\" \/><\/figure>\n<\/div>\n\n\n\n<div class=\"wp-block-column is-layout-flow wp-block-column-is-layout-flow\"><div class=\"wp-block-image\">\n<figure class=\"aligncenter size-large is-resized\"><img decoding=\"async\" width=\"1024\" height=\"1024\" data-src=\"https:\/\/zspolczyn.edu.pl\/wp-content\/uploads\/2026\/04\/6-3-1024x1024.jpg\" alt=\"\" class=\"wp-image-10020 lazyload\" style=\"--smush-placeholder-width: 1024px; --smush-placeholder-aspect-ratio: 1024\/1024;width:341px;height:auto\" data-srcset=\"https:\/\/zspolczyn.edu.pl\/wp-content\/uploads\/2026\/04\/6-3-1024x1024.jpg 1024w, https:\/\/zspolczyn.edu.pl\/wp-content\/uploads\/2026\/04\/6-3-300x300.jpg 300w, https:\/\/zspolczyn.edu.pl\/wp-content\/uploads\/2026\/04\/6-3-150x150.jpg 150w, https:\/\/zspolczyn.edu.pl\/wp-content\/uploads\/2026\/04\/6-3-768x768.jpg 768w, https:\/\/zspolczyn.edu.pl\/wp-content\/uploads\/2026\/04\/6-3-1536x1536.jpg 1536w, https:\/\/zspolczyn.edu.pl\/wp-content\/uploads\/2026\/04\/6-3-350x350.jpg 350w, https:\/\/zspolczyn.edu.pl\/wp-content\/uploads\/2026\/04\/6-3.jpg 2048w\" data-sizes=\"(max-width: 1024px) 100vw, 1024px\" src=\"data:image\/svg+xml;base64,PHN2ZyB3aWR0aD0iMSIgaGVpZ2h0PSIxIiB4bWxucz0iaHR0cDovL3d3dy53My5vcmcvMjAwMC9zdmciPjwvc3ZnPg==\" \/><\/figure>\n<\/div><\/div>\n<\/div>\n","protected":false},"excerpt":{"rendered":"","protected":false},"author":3,"featured_media":10022,"comment_status":"closed","ping_status":"closed","sticky":false,"template":"","format":"standard","meta":{"footnotes":""},"categories":[47],"tags":[],"class_list":["post-10015","post","type-post","status-publish","format-standard","has-post-thumbnail","hentry","category-rok-szkolny-2025-2026"],"_links":{"self":[{"href":"https:\/\/zspolczyn.edu.pl\/index.php?rest_route=\/wp\/v2\/posts\/10015","targetHints":{"allow":["GET"]}}],"collection":[{"href":"https:\/\/zspolczyn.edu.pl\/index.php?rest_route=\/wp\/v2\/posts"}],"about":[{"href":"https:\/\/zspolczyn.edu.pl\/index.php?rest_route=\/wp\/v2\/types\/post"}],"author":[{"embeddable":true,"href":"https:\/\/zspolczyn.edu.pl\/index.php?rest_route=\/wp\/v2\/users\/3"}],"replies":[{"embeddable":true,"href":"https:\/\/zspolczyn.edu.pl\/index.php?rest_route=%2Fwp%2Fv2%2Fcomments&post=10015"}],"version-history":[{"count":2,"href":"https:\/\/zspolczyn.edu.pl\/index.php?rest_route=\/wp\/v2\/posts\/10015\/revisions"}],"predecessor-version":[{"id":10024,"href":"https:\/\/zspolczyn.edu.pl\/index.php?rest_route=\/wp\/v2\/posts\/10015\/revisions\/10024"}],"wp:featuredmedia":[{"embeddable":true,"href":"https:\/\/zspolczyn.edu.pl\/index.php?rest_route=\/wp\/v2\/media\/10022"}],"wp:attachment":[{"href":"https:\/\/zspolczyn.edu.pl\/index.php?rest_route=%2Fwp%2Fv2%2Fmedia&parent=10015"}],"wp:term":[{"taxonomy":"category","embeddable":true,"href":"https:\/\/zspolczyn.edu.pl\/index.php?rest_route=%2Fwp%2Fv2%2Fcategories&post=10015"},{"taxonomy":"post_tag","embeddable":true,"href":"https:\/\/zspolczyn.edu.pl\/index.php?rest_route=%2Fwp%2Fv2%2Ftags&post=10015"}],"curies":[{"name":"wp","href":"https:\/\/api.w.org\/{rel}","templated":true}]}}