{"id":9110,"date":"2025-09-02T20:02:20","date_gmt":"2025-09-02T18:02:20","guid":{"rendered":"http:\/\/zspolczyn.edu.pl\/?p=9110"},"modified":"2025-09-02T20:23:44","modified_gmt":"2025-09-02T18:23:44","slug":"rusza-kolejny-projekt-unijny-w-naszej-szkole-poprawa-jakosci-i-dostepnosci-ksztalcenia-zawodowego-w-szkolach-ponadpodstawowych-wraz-z-doposazeniem-pracowni-w-powiecie-swidwinskim","status":"publish","type":"post","link":"https:\/\/zspolczyn.edu.pl\/?p=9110","title":{"rendered":"Rusza kolejny projekt unijny w naszej szkole: \u201ePoprawa jako\u015bci i dost\u0119pno\u015bci kszta\u0142cenia zawodowego w szko\u0142ach ponadpodstawowych wraz z doposa\u017ceniem pracowni w powiecie \u015bwidwi\u0144skim\u201d."},"content":{"rendered":"\n<p>Z rado\u015bci\u0105 informujemy, \u017ce nasza szko\u0142a rozpoczyna realizacj\u0119 nowego projektu dofinansowanego ze \u015brodk\u00f3w Europejskiego Funduszu Spo\u0142ecznego Plus w ramach programu Fundusze Europejskie dla Pomorza Zachodniego 2021-2027.<\/p>\n\n\n\n<div data-wp-interactive=\"core\/file\" class=\"wp-block-file\"><object data-wp-bind--hidden=\"!state.hasPdfPreview\" hidden class=\"wp-block-file__embed\" data=\"http:\/\/zspolczyn.edu.pl\/wp-content\/uploads\/2025\/09\/Projekt-unijny.pdf\" type=\"application\/pdf\" style=\"width:100%;height:600px\" aria-label=\"Osadzone z Projekt unijny.\"><\/object><a id=\"wp-block-file--media-42ecb193-5816-481b-809b-a2aca9f5a1ce\" href=\"http:\/\/zspolczyn.edu.pl\/wp-content\/uploads\/2025\/09\/Projekt-unijny.pdf\">Projekt unijny<\/a><a href=\"http:\/\/zspolczyn.edu.pl\/wp-content\/uploads\/2025\/09\/Projekt-unijny.pdf\" class=\"wp-block-file__button wp-element-button\" download aria-describedby=\"wp-block-file--media-42ecb193-5816-481b-809b-a2aca9f5a1ce\">Pobierz<\/a><\/div>\n\n\n\n<p class=\"has-normal-font-size\"><\/p>\n","protected":false},"excerpt":{"rendered":"","protected":false},"author":3,"featured_media":0,"comment_status":"closed","ping_status":"closed","sticky":false,"template":"","format":"standard","meta":{"footnotes":""},"categories":[47],"tags":[],"class_list":["post-9110","post","type-post","status-publish","format-standard","hentry","category-rok-szkolny-2025-2026"],"_links":{"self":[{"href":"https:\/\/zspolczyn.edu.pl\/index.php?rest_route=\/wp\/v2\/posts\/9110","targetHints":{"allow":["GET"]}}],"collection":[{"href":"https:\/\/zspolczyn.edu.pl\/index.php?rest_route=\/wp\/v2\/posts"}],"about":[{"href":"https:\/\/zspolczyn.edu.pl\/index.php?rest_route=\/wp\/v2\/types\/post"}],"author":[{"embeddable":true,"href":"https:\/\/zspolczyn.edu.pl\/index.php?rest_route=\/wp\/v2\/users\/3"}],"replies":[{"embeddable":true,"href":"https:\/\/zspolczyn.edu.pl\/index.php?rest_route=%2Fwp%2Fv2%2Fcomments&post=9110"}],"version-history":[{"count":4,"href":"https:\/\/zspolczyn.edu.pl\/index.php?rest_route=\/wp\/v2\/posts\/9110\/revisions"}],"predecessor-version":[{"id":9124,"href":"https:\/\/zspolczyn.edu.pl\/index.php?rest_route=\/wp\/v2\/posts\/9110\/revisions\/9124"}],"wp:attachment":[{"href":"https:\/\/zspolczyn.edu.pl\/index.php?rest_route=%2Fwp%2Fv2%2Fmedia&parent=9110"}],"wp:term":[{"taxonomy":"category","embeddable":true,"href":"https:\/\/zspolczyn.edu.pl\/index.php?rest_route=%2Fwp%2Fv2%2Fcategories&post=9110"},{"taxonomy":"post_tag","embeddable":true,"href":"https:\/\/zspolczyn.edu.pl\/index.php?rest_route=%2Fwp%2Fv2%2Ftags&post=9110"}],"curies":[{"name":"wp","href":"https:\/\/api.w.org\/{rel}","templated":true}]}}