{"id":9249,"date":"2025-10-03T08:33:47","date_gmt":"2025-10-03T06:33:47","guid":{"rendered":"http:\/\/zspolczyn.edu.pl\/?p=9249"},"modified":"2026-01-22T14:45:43","modified_gmt":"2026-01-22T13:45:43","slug":"projekt-unijny","status":"publish","type":"post","link":"https:\/\/zspolczyn.edu.pl\/?p=9249","title":{"rendered":"Projekt unijny \u201ePoprawa jako\u015bci i dost\u0119pno\u015bci kszta\u0142cenia zawodowego w szko\u0142ach ponadpodstawowych wraz z doposa\u017ceniem pracowni w powiecie \u015bwidwi\u0144skim\u201d"},"content":{"rendered":"\n<figure class=\"wp-block-image size-full is-resized\"><img fetchpriority=\"high\" decoding=\"async\" width=\"740\" height=\"78\" src=\"http:\/\/zspolczyn.edu.pl\/wp-content\/uploads\/2025\/10\/projekt-UE-logotypy.jpg\" alt=\"\" class=\"wp-image-9252\" style=\"width:892px;height:auto\"\/><\/figure>\n\n\n\n<p>\u201ePoprawa jako\u015bci i dost\u0119pno\u015bci kszta\u0142cenia zawodowego w szko\u0142ach ponadpodstawowych wraz z doposa\u017ceniem pracowni w powiecie \u015bwidwi\u0144skim\u201d<\/p>\n\n\n\n<p><a><\/a>Projekt wsp\u00f3\u0142finansowany ze \u015brodk\u00f3w Europejskiego Funduszu Spo\u0142ecznego Plus<\/p>\n\n\n\n<p>w ramach programu Fundusze Europejskie dla Pomorza Zachodniego 2021-2027, Dzia\u0142anie 6.10 Edukacja zawodowa (ZIT) nr projektu FEPZ.06.10-IP.01-0009\/25<\/p>\n\n\n\n<p>Beneficjentem projektu jest POWIAT \u015aWIDWI\u0143SKI<\/p>\n\n\n\n<p>Partnerem projektu\/realizatorem jest Syntea Sp\u00f3\u0142ka Akcyjna z siedzib\u0105 w Lublinie ul. Wojciechowska 9a<\/p>\n\n\n\n<p>Realizatorami projektu s\u0105 szko\u0142y:<\/p>\n\n\n\n<p><img decoding=\"async\" height=\"16\" width=\"16\" alt=\"\u25b6\ufe0f\" data-src=\"https:\/\/static.xx.fbcdn.net\/images\/emoji.php\/v9\/t40\/1\/16\/25b6.png\" src=\"data:image\/svg+xml;base64,PHN2ZyB3aWR0aD0iMSIgaGVpZ2h0PSIxIiB4bWxucz0iaHR0cDovL3d3dy53My5vcmcvMjAwMC9zdmciPjwvc3ZnPg==\" class=\"lazyload\" style=\"--smush-placeholder-width: 16px; --smush-placeholder-aspect-ratio: 16\/16;\">Zesp\u00f3\u0142 Szk\u00f3\u0142 Rolniczych CKZ im. Stefan \u017beromskiego z siedzib\u0105 w \u015awidwinie przy ul. Szczeci\u0144skiej 88 dla uczni\u00f3w Technikum i Bran\u017cowej Szko\u0142y I Stopnia.<\/p>\n\n\n\n<p><img decoding=\"async\" height=\"16\" width=\"16\" alt=\"\u25b6\ufe0f\" data-src=\"https:\/\/static.xx.fbcdn.net\/images\/emoji.php\/v9\/t40\/1\/16\/25b6.png\" src=\"data:image\/svg+xml;base64,PHN2ZyB3aWR0aD0iMSIgaGVpZ2h0PSIxIiB4bWxucz0iaHR0cDovL3d3dy53My5vcmcvMjAwMC9zdmciPjwvc3ZnPg==\" class=\"lazyload\" style=\"--smush-placeholder-width: 16px; --smush-placeholder-aspect-ratio: 16\/16;\">Zesp\u00f3\u0142 Szk\u00f3\u0142 z siedzib\u0105 w Po\u0142czynie-Zdroju przy ul. St. Staszica 6 dla uczni\u00f3w Technikum.<\/p>\n\n\n\n<p>W ramach projekt b\u0119d\u0105 realizowane dzia\u0142ania w ka\u017cdej z ww. szk\u00f3\u0142<\/p>\n\n\n\n<p>Planowane dzia\u0142ania w projekcie obejmuj\u0105:<\/p>\n\n\n\n<p><img decoding=\"async\" height=\"16\" width=\"16\" alt=\"1\ufe0f\u20e3\" data-src=\"https:\/\/static.xx.fbcdn.net\/images\/emoji.php\/v9\/t7a\/1\/16\/31_20e3.png\" src=\"data:image\/svg+xml;base64,PHN2ZyB3aWR0aD0iMSIgaGVpZ2h0PSIxIiB4bWxucz0iaHR0cDovL3d3dy53My5vcmcvMjAwMC9zdmciPjwvc3ZnPg==\" class=\"lazyload\" style=\"--smush-placeholder-width: 16px; --smush-placeholder-aspect-ratio: 16\/16;\">Dla Uczni\u00f3w:<\/p>\n\n\n\n<p><img decoding=\"async\" height=\"16\" width=\"16\" alt=\"\u27a1\ufe0f\" data-src=\"https:\/\/static.xx.fbcdn.net\/images\/emoji.php\/v9\/t9e\/1\/16\/27a1.png\" src=\"data:image\/svg+xml;base64,PHN2ZyB3aWR0aD0iMSIgaGVpZ2h0PSIxIiB4bWxucz0iaHR0cDovL3d3dy53My5vcmcvMjAwMC9zdmciPjwvc3ZnPg==\" class=\"lazyload\" style=\"--smush-placeholder-width: 16px; --smush-placeholder-aspect-ratio: 16\/16;\">Doradztwo edukacyjno-zawodowe dla wszystkich uczestnik\u00f3w projektu, obejmuj\u0105ce ocen\u0119 indywidualnych potrzeb rozwojowych i edukacyjnych i\/lub predyspozycji osobowych do wykonywania poszczeg\u00f3lnych zawod\u00f3w \u2013 430 uczni\u00f3w.<\/p>\n\n\n\n<p><img decoding=\"async\" height=\"16\" width=\"16\" alt=\"\u27a1\ufe0f\" data-src=\"https:\/\/static.xx.fbcdn.net\/images\/emoji.php\/v9\/t9e\/1\/16\/27a1.png\" src=\"data:image\/svg+xml;base64,PHN2ZyB3aWR0aD0iMSIgaGVpZ2h0PSIxIiB4bWxucz0iaHR0cDovL3d3dy53My5vcmcvMjAwMC9zdmciPjwvc3ZnPg==\" class=\"lazyload\" style=\"--smush-placeholder-width: 16px; --smush-placeholder-aspect-ratio: 16\/16;\">Sta\u017ce uczniowskie maj\u0105ce na celu zdobycie przez uczestnik\u00f3w do\u015bwiadczenia w rzeczywistych warunkach pracy \u2013 325 uczni\u00f3w.<\/p>\n\n\n\n<p><img decoding=\"async\" height=\"16\" width=\"16\" alt=\"\u27a1\ufe0f\" data-src=\"https:\/\/static.xx.fbcdn.net\/images\/emoji.php\/v9\/t9e\/1\/16\/27a1.png\" src=\"data:image\/svg+xml;base64,PHN2ZyB3aWR0aD0iMSIgaGVpZ2h0PSIxIiB4bWxucz0iaHR0cDovL3d3dy53My5vcmcvMjAwMC9zdmciPjwvc3ZnPg==\" class=\"lazyload\" style=\"--smush-placeholder-width: 16px; --smush-placeholder-aspect-ratio: 16\/16;\">Szkolenia dla uczni\u00f3w, prowadz\u0105ce do zdobywania nowych kwalifikacji zawodowych.<\/p>\n\n\n\n<p><img decoding=\"async\" height=\"16\" width=\"16\" alt=\"\u27a1\ufe0f\" data-src=\"https:\/\/static.xx.fbcdn.net\/images\/emoji.php\/v9\/t9e\/1\/16\/27a1.png\" src=\"data:image\/svg+xml;base64,PHN2ZyB3aWR0aD0iMSIgaGVpZ2h0PSIxIiB4bWxucz0iaHR0cDovL3d3dy53My5vcmcvMjAwMC9zdmciPjwvc3ZnPg==\" class=\"lazyload\" style=\"--smush-placeholder-width: 16px; --smush-placeholder-aspect-ratio: 16\/16;\">Zaj\u0119cia przygotowuj\u0105ce do matury dla uczni\u00f3w Technikum w Zespole Szk\u00f3\u0142 Rolniczych im. Stefana \u017beromskiego w \u015awidwinie.<\/p>\n\n\n\n<p><img decoding=\"async\" height=\"16\" width=\"16\" alt=\"\u27a1\ufe0f\" data-src=\"https:\/\/static.xx.fbcdn.net\/images\/emoji.php\/v9\/t9e\/1\/16\/27a1.png\" src=\"data:image\/svg+xml;base64,PHN2ZyB3aWR0aD0iMSIgaGVpZ2h0PSIxIiB4bWxucz0iaHR0cDovL3d3dy53My5vcmcvMjAwMC9zdmciPjwvc3ZnPg==\" class=\"lazyload\" style=\"--smush-placeholder-width: 16px; --smush-placeholder-aspect-ratio: 16\/16;\">Zaj\u0119cia przygotowuj\u0105ce do egzamin\u00f3w Zawodowych dla uczni\u00f3w Technikum w Zespole Szk\u00f3\u0142 w Po\u0142czynie-Zdroju.<\/p>\n\n\n\n<p><img decoding=\"async\" height=\"16\" width=\"16\" alt=\"\u27a1\ufe0f\" data-src=\"https:\/\/static.xx.fbcdn.net\/images\/emoji.php\/v9\/t9e\/1\/16\/27a1.png\" src=\"data:image\/svg+xml;base64,PHN2ZyB3aWR0aD0iMSIgaGVpZ2h0PSIxIiB4bWxucz0iaHR0cDovL3d3dy53My5vcmcvMjAwMC9zdmciPjwvc3ZnPg==\" class=\"lazyload\" style=\"--smush-placeholder-width: 16px; --smush-placeholder-aspect-ratio: 16\/16;\">Wizyty studyjne u pracodawc\u00f3w i\/lub na uczelni.<\/p>\n\n\n\n<p><img decoding=\"async\" height=\"16\" width=\"16\" alt=\"\u27a1\ufe0f\" data-src=\"https:\/\/static.xx.fbcdn.net\/images\/emoji.php\/v9\/t9e\/1\/16\/27a1.png\" src=\"data:image\/svg+xml;base64,PHN2ZyB3aWR0aD0iMSIgaGVpZ2h0PSIxIiB4bWxucz0iaHR0cDovL3d3dy53My5vcmcvMjAwMC9zdmciPjwvc3ZnPg==\" class=\"lazyload\" style=\"--smush-placeholder-width: 16px; --smush-placeholder-aspect-ratio: 16\/16;\">Indywidualne wsparcie psychologiczno-pedagogiczne oraz zaj\u0119cia z przeciwdzia\u0142ania uzale\u017cnieniom.<\/p>\n\n\n\n<p><img decoding=\"async\" height=\"16\" width=\"16\" alt=\"\u27a1\ufe0f\" data-src=\"https:\/\/static.xx.fbcdn.net\/images\/emoji.php\/v9\/t9e\/1\/16\/27a1.png\" src=\"data:image\/svg+xml;base64,PHN2ZyB3aWR0aD0iMSIgaGVpZ2h0PSIxIiB4bWxucz0iaHR0cDovL3d3dy53My5vcmcvMjAwMC9zdmciPjwvc3ZnPg==\" class=\"lazyload\" style=\"--smush-placeholder-width: 16px; --smush-placeholder-aspect-ratio: 16\/16;\">Wsparcie finansowe dla wybranych uczni\u00f3w: program stypendialny i \u015brodki zapewniaj\u0105ce dojazd na zaj\u0119cia.<\/p>\n\n\n\n<p><img decoding=\"async\" height=\"16\" width=\"16\" alt=\"2\ufe0f\u20e3\" data-src=\"https:\/\/static.xx.fbcdn.net\/images\/emoji.php\/v9\/t99\/1\/16\/32_20e3.png\" src=\"data:image\/svg+xml;base64,PHN2ZyB3aWR0aD0iMSIgaGVpZ2h0PSIxIiB4bWxucz0iaHR0cDovL3d3dy53My5vcmcvMjAwMC9zdmciPjwvc3ZnPg==\" class=\"lazyload\" style=\"--smush-placeholder-width: 16px; --smush-placeholder-aspect-ratio: 16\/16;\">Dla Nauczycieli \u2013 zaj\u0119cia rozwijaj\u0105ce kompetencje i umiej\u0119tno\u015bci dydaktyczne.<\/p>\n\n\n\n<p><img decoding=\"async\" height=\"16\" width=\"16\" alt=\"3\ufe0f\u20e3\" data-src=\"https:\/\/static.xx.fbcdn.net\/images\/emoji.php\/v9\/tb8\/1\/16\/33_20e3.png\" src=\"data:image\/svg+xml;base64,PHN2ZyB3aWR0aD0iMSIgaGVpZ2h0PSIxIiB4bWxucz0iaHR0cDovL3d3dy53My5vcmcvMjAwMC9zdmciPjwvc3ZnPg==\" class=\"lazyload\" style=\"--smush-placeholder-width: 16px; --smush-placeholder-aspect-ratio: 16\/16;\">Doposa\u017cenie pracowni zawodu w nowoczesne narz\u0119dzia dydaktyczne, wspieraj\u0105ce proces nauczania tj.:<\/p>\n\n\n\n<p><img decoding=\"async\" height=\"16\" width=\"16\" alt=\"\u27a1\ufe0f\" data-src=\"https:\/\/static.xx.fbcdn.net\/images\/emoji.php\/v9\/t9e\/1\/16\/27a1.png\" src=\"data:image\/svg+xml;base64,PHN2ZyB3aWR0aD0iMSIgaGVpZ2h0PSIxIiB4bWxucz0iaHR0cDovL3d3dy53My5vcmcvMjAwMC9zdmciPjwvc3ZnPg==\" class=\"lazyload\" style=\"--smush-placeholder-width: 16px; --smush-placeholder-aspect-ratio: 16\/16;\">Pracownia reklamy,<\/p>\n\n\n\n<p><img decoding=\"async\" height=\"16\" width=\"16\" alt=\"\u27a1\ufe0f\" data-src=\"https:\/\/static.xx.fbcdn.net\/images\/emoji.php\/v9\/t9e\/1\/16\/27a1.png\" src=\"data:image\/svg+xml;base64,PHN2ZyB3aWR0aD0iMSIgaGVpZ2h0PSIxIiB4bWxucz0iaHR0cDovL3d3dy53My5vcmcvMjAwMC9zdmciPjwvc3ZnPg==\" class=\"lazyload\" style=\"--smush-placeholder-width: 16px; --smush-placeholder-aspect-ratio: 16\/16;\">Pracownia urz\u0105dze\u0144 techniki komputerowej,<\/p>\n\n\n\n<p><img decoding=\"async\" height=\"16\" width=\"16\" alt=\"\u27a1\ufe0f\" data-src=\"https:\/\/static.xx.fbcdn.net\/images\/emoji.php\/v9\/t9e\/1\/16\/27a1.png\" src=\"data:image\/svg+xml;base64,PHN2ZyB3aWR0aD0iMSIgaGVpZ2h0PSIxIiB4bWxucz0iaHR0cDovL3d3dy53My5vcmcvMjAwMC9zdmciPjwvc3ZnPg==\" class=\"lazyload\" style=\"--smush-placeholder-width: 16px; --smush-placeholder-aspect-ratio: 16\/16;\">Pracownia logistyki,<\/p>\n\n\n\n<p><img decoding=\"async\" height=\"16\" width=\"16\" alt=\"\u27a1\ufe0f\" data-src=\"https:\/\/static.xx.fbcdn.net\/images\/emoji.php\/v9\/t9e\/1\/16\/27a1.png\" src=\"data:image\/svg+xml;base64,PHN2ZyB3aWR0aD0iMSIgaGVpZ2h0PSIxIiB4bWxucz0iaHR0cDovL3d3dy53My5vcmcvMjAwMC9zdmciPjwvc3ZnPg==\" class=\"lazyload\" style=\"--smush-placeholder-width: 16px; --smush-placeholder-aspect-ratio: 16\/16;\">Pracownia agrotroniki,<\/p>\n\n\n\n<p><img decoding=\"async\" height=\"16\" width=\"16\" alt=\"\u27a1\ufe0f\" data-src=\"https:\/\/static.xx.fbcdn.net\/images\/emoji.php\/v9\/t9e\/1\/16\/27a1.png\" src=\"data:image\/svg+xml;base64,PHN2ZyB3aWR0aD0iMSIgaGVpZ2h0PSIxIiB4bWxucz0iaHR0cDovL3d3dy53My5vcmcvMjAwMC9zdmciPjwvc3ZnPg==\" class=\"lazyload\" style=\"--smush-placeholder-width: 16px; --smush-placeholder-aspect-ratio: 16\/16;\">Pracownia technologii \u017cywienia.<\/p>\n\n\n\n<p>Grupa docelowa:<\/p>\n\n\n\n<p>Projekt obejmuje 3 publiczne szko\u0142y zawodowe dla kt\u00f3rych organem prowadz\u0105cym jest Powiat \u015awidwi\u0144ski. W projekcie we\u017amie udzia\u0142 430 uczni\u00f3w i 43 nauczycieli.<\/p>\n\n\n\n<p>Celem projektu jest:<\/p>\n\n\n\n<p>Podniesienie jako\u015bci kszta\u0142cenia w 3 szko\u0142ach kszta\u0142c\u0105cych w zawodzie z Powiatu \u015awidwi\u0144skiego: Technikum i Bran\u017cowej Szko\u0142y I Stopnia w \u015awidwinie oraz Technikum w Po\u0142czynie-Zdroju.<\/p>\n\n\n\n<p>Cel zostanie osi\u0105gni\u0119ty poprzez realizacj\u0119 dodatkowych zaj\u0119\u0107 podnosz\u0105cych kompetencje zawodowe, w szczeg\u00f3lno\u015bci prowadz\u0105cych do uzyskania nowych kwalifikacji i uprawnie\u0144 dla 430 uczni\u00f3w, podniesienie umiej\u0119tno\u015bci dydaktycznych w zakresie kszta\u0142cenia bran\u017cowego 43 nauczycieli oraz doposa\u017cenie 3 szk\u00f3\u0142, w okresie trwania projektu od 01.09.2025 do 31.08.2028 roku.<\/p>\n\n\n\n<p>Planowane rezultaty:<\/p>\n\n\n\n<p><img decoding=\"async\" height=\"16\" width=\"16\" alt=\"\u2197\ufe0f\" data-src=\"https:\/\/static.xx.fbcdn.net\/images\/emoji.php\/v9\/t46\/1\/16\/2197.png\" src=\"data:image\/svg+xml;base64,PHN2ZyB3aWR0aD0iMSIgaGVpZ2h0PSIxIiB4bWxucz0iaHR0cDovL3d3dy53My5vcmcvMjAwMC9zdmciPjwvc3ZnPg==\" class=\"lazyload\" style=\"--smush-placeholder-width: 16px; --smush-placeholder-aspect-ratio: 16\/16;\">Podniesienie umiej\u0119tno\u015bci zawodowych przez 85% uczni\u00f3w w projekcie.<\/p>\n\n\n\n<p><img decoding=\"async\" height=\"16\" width=\"16\" alt=\"\u2197\ufe0f\" data-src=\"https:\/\/static.xx.fbcdn.net\/images\/emoji.php\/v9\/t46\/1\/16\/2197.png\" src=\"data:image\/svg+xml;base64,PHN2ZyB3aWR0aD0iMSIgaGVpZ2h0PSIxIiB4bWxucz0iaHR0cDovL3d3dy53My5vcmcvMjAwMC9zdmciPjwvc3ZnPg==\" class=\"lazyload\" style=\"--smush-placeholder-width: 16px; --smush-placeholder-aspect-ratio: 16\/16;\">Podniesienie umiej\u0119tno\u015bci dydaktycznych przez 95% nauczycieli w projekcie.<\/p>\n\n\n\n<p><img decoding=\"async\" height=\"16\" width=\"16\" alt=\"\u2197\ufe0f\" data-src=\"https:\/\/static.xx.fbcdn.net\/images\/emoji.php\/v9\/t46\/1\/16\/2197.png\" src=\"data:image\/svg+xml;base64,PHN2ZyB3aWR0aD0iMSIgaGVpZ2h0PSIxIiB4bWxucz0iaHR0cDovL3d3dy53My5vcmcvMjAwMC9zdmciPjwvc3ZnPg==\" class=\"lazyload\" style=\"--smush-placeholder-width: 16px; --smush-placeholder-aspect-ratio: 16\/16;\">Zdobycie praktycznego do\u015bwiadczenia zawodowego u pracodawc\u00f3w przez min. 70% uczni\u00f3w z projektu.<\/p>\n\n\n\n<p>Ca\u0142kowita warto\u015b\u0107 projektu: 9 500 000,00 z\u0142<\/p>\n\n\n\n<p>Kwota dofinasowania ze \u015brodk\u00f3w Europejskiego Funduszu Spo\u0142ecznego Plus: 8 406 550,00 z\u0142<\/p>\n\n\n\n<p><a href=\"https:\/\/www.facebook.com\/hashtag\/funduszeue?__eep__=6&amp;__cft__[0]=AZbkR4iEnRdGBwRmanKMSFjVllqHx0WiUbFoUHEAGxX--W9cPXbiTOZUzFdVq4f8mtvMDDG3trpm1PUqcjqJaHn9Fpe4KQtYo75omJf5GHLxn2Q8QxGrfdbzLF8Biu7rErkJPgvEA4k_JO2KvEpLXDrHWy-wCBH_rOpBluQUr6qVHRw-IiPSsCGeca5Jvh0dPKU-W-0SfGSU0mMNBIisbi_VTCwh3ovduQmvK3_RTaFKJw&amp;__tn__=*NK-y-R\">#FunduszeUE<\/a><\/p>\n\n\n\n<p><a href=\"https:\/\/www.facebook.com\/hashtag\/funduszeeuropejskie?__eep__=6&amp;__cft__[0]=AZbkR4iEnRdGBwRmanKMSFjVllqHx0WiUbFoUHEAGxX--W9cPXbiTOZUzFdVq4f8mtvMDDG3trpm1PUqcjqJaHn9Fpe4KQtYo75omJf5GHLxn2Q8QxGrfdbzLF8Biu7rErkJPgvEA4k_JO2KvEpLXDrHWy-wCBH_rOpBluQUr6qVHRw-IiPSsCGeca5Jvh0dPKU-W-0SfGSU0mMNBIisbi_VTCwh3ovduQmvK3_RTaFKJw&amp;__tn__=*NK-y-R\">#FunduszeEuropejskie<\/a> <\/p>\n\n\n\n<h1 class=\"wp-block-heading\"><\/h1>\n\n\n\n<figure class=\"wp-block-image size-full\"><img decoding=\"async\" width=\"740\" height=\"78\" data-src=\"http:\/\/zspolczyn.edu.pl\/wp-content\/uploads\/2025\/10\/projekt-UE-logotypy-1.jpg\" alt=\"\" class=\"wp-image-9699 lazyload\" data-srcset=\"https:\/\/zspolczyn.edu.pl\/wp-content\/uploads\/2025\/10\/projekt-UE-logotypy-1.jpg 740w, https:\/\/zspolczyn.edu.pl\/wp-content\/uploads\/2025\/10\/projekt-UE-logotypy-1-300x32.jpg 300w\" data-sizes=\"(max-width: 740px) 100vw, 740px\" src=\"data:image\/svg+xml;base64,PHN2ZyB3aWR0aD0iMSIgaGVpZ2h0PSIxIiB4bWxucz0iaHR0cDovL3d3dy53My5vcmcvMjAwMC9zdmciPjwvc3ZnPg==\" style=\"--smush-placeholder-width: 740px; --smush-placeholder-aspect-ratio: 740\/78;\" \/><\/figure>\n\n\n\n<p><\/p>\n","protected":false},"excerpt":{"rendered":"","protected":false},"author":5,"featured_media":9252,"comment_status":"closed","ping_status":"closed","sticky":false,"template":"","format":"standard","meta":{"footnotes":""},"categories":[48,6,47],"tags":[],"class_list":["post-9249","post","type-post","status-publish","format-standard","has-post-thumbnail","hentry","category-projekt-ue","category-projekty-unijne","category-rok-szkolny-2025-2026"],"_links":{"self":[{"href":"https:\/\/zspolczyn.edu.pl\/index.php?rest_route=\/wp\/v2\/posts\/9249","targetHints":{"allow":["GET"]}}],"collection":[{"href":"https:\/\/zspolczyn.edu.pl\/index.php?rest_route=\/wp\/v2\/posts"}],"about":[{"href":"https:\/\/zspolczyn.edu.pl\/index.php?rest_route=\/wp\/v2\/types\/post"}],"author":[{"embeddable":true,"href":"https:\/\/zspolczyn.edu.pl\/index.php?rest_route=\/wp\/v2\/users\/5"}],"replies":[{"embeddable":true,"href":"https:\/\/zspolczyn.edu.pl\/index.php?rest_route=%2Fwp%2Fv2%2Fcomments&post=9249"}],"version-history":[{"count":10,"href":"https:\/\/zspolczyn.edu.pl\/index.php?rest_route=\/wp\/v2\/posts\/9249\/revisions"}],"predecessor-version":[{"id":9700,"href":"https:\/\/zspolczyn.edu.pl\/index.php?rest_route=\/wp\/v2\/posts\/9249\/revisions\/9700"}],"wp:featuredmedia":[{"embeddable":true,"href":"https:\/\/zspolczyn.edu.pl\/index.php?rest_route=\/wp\/v2\/media\/9252"}],"wp:attachment":[{"href":"https:\/\/zspolczyn.edu.pl\/index.php?rest_route=%2Fwp%2Fv2%2Fmedia&parent=9249"}],"wp:term":[{"taxonomy":"category","embeddable":true,"href":"https:\/\/zspolczyn.edu.pl\/index.php?rest_route=%2Fwp%2Fv2%2Fcategories&post=9249"},{"taxonomy":"post_tag","embeddable":true,"href":"https:\/\/zspolczyn.edu.pl\/index.php?rest_route=%2Fwp%2Fv2%2Ftags&post=9249"}],"curies":[{"name":"wp","href":"https:\/\/api.w.org\/{rel}","templated":true}]}}