{"id":9294,"date":"2025-10-16T12:58:46","date_gmt":"2025-10-16T10:58:46","guid":{"rendered":"http:\/\/zspolczyn.edu.pl\/?p=9294"},"modified":"2025-10-16T15:07:58","modified_gmt":"2025-10-16T13:07:58","slug":"9294","status":"publish","type":"post","link":"https:\/\/zspolczyn.edu.pl\/?p=9294","title":{"rendered":"Dzie\u0144 Edukacji Narodowej 2025"},"content":{"rendered":"\n<p>Najlepszym podsumowaniem ka\u017cdego Dnia Edukacji Narodowej jest zawsze jedno proste s\u0142owo: DZI\u0118KUJEMY! \u015awi\u0119towali\u015bmy w\u0142a\u015bnie pod tym has\u0142em, wi\u0119c dzi\u0119kowali wszyscy wszystkim. Uczniowie, nauczyciele, pracownicy szko\u0142y, dyrekcja, organ prowadz\u0105cy &#8211; razem tworzymy jedn\u0105 wielk\u0105 spo\u0142eczno\u015b\u0107 skupion\u0105 wok\u00f3\u0142 edukacji.<\/p>\n\n\n\n<p>Dla podkre\u015blenia wyj\u0105tkowej rodzinnej atmosfery naszej szko\u0142y Samorz\u0105d Uczniowski zaprosi\u0142 uczni\u00f3w i nauczycieli do potyczek w szkolnej Familiadzie. Wsp\u00f3lna zabawa pokaza\u0142a, \u017ce \u0142\u0105czy nas nie tylko nauka, ale te\u017c poczucie humoru i zwyk\u0142a rado\u015b\u0107 z bycia razem.<\/p>\n\n\n\n<p>Dzi\u0119kujemy serdecznie Pani Renacie Nizio\u0142 dyrektorce Centrum Kultury w Po\u0142czynie-Zdroju oraz zaanga\u017cowanym pracownikom CK za pomoc organizacyjn\u0105. <\/p>\n\n\n\n<p>Wi\u0119cej zdj\u0119\u0107:<\/p>\n\n\n\n<ul class=\"wp-block-social-links is-layout-flex wp-block-social-links-is-layout-flex\"><li class=\"wp-social-link wp-social-link-facebook  wp-block-social-link\"><a href=\"https:\/\/www.facebook.com\/zsppolczyn\/posts\/pfbid02rSCFsSLjjP5FFsE7KNjJYsn2HRivzyxMkkB9BK5GhihtFBi6Ahpp1zoQMjfEjGsRl\" class=\"wp-block-social-link-anchor\"><svg width=\"24\" height=\"24\" viewBox=\"0 0 24 24\" version=\"1.1\" xmlns=\"http:\/\/www.w3.org\/2000\/svg\" aria-hidden=\"true\" focusable=\"false\"><path d=\"M12 2C6.5 2 2 6.5 2 12c0 5 3.7 9.1 8.4 9.9v-7H7.9V12h2.5V9.8c0-2.5 1.5-3.9 3.8-3.9 1.1 0 2.2.2 2.2.2v2.5h-1.3c-1.2 0-1.6.8-1.6 1.6V12h2.8l-.4 2.9h-2.3v7C18.3 21.1 22 17 22 12c0-5.5-4.5-10-10-10z\"><\/path><\/svg><span class=\"wp-block-social-link-label screen-reader-text\">Facebook<\/span><\/a><\/li><\/ul>\n\n\n\n<p><\/p>\n","protected":false},"excerpt":{"rendered":"","protected":false},"author":5,"featured_media":9295,"comment_status":"closed","ping_status":"closed","sticky":false,"template":"","format":"standard","meta":{"footnotes":""},"categories":[47],"tags":[],"class_list":["post-9294","post","type-post","status-publish","format-standard","has-post-thumbnail","hentry","category-rok-szkolny-2025-2026"],"_links":{"self":[{"href":"https:\/\/zspolczyn.edu.pl\/index.php?rest_route=\/wp\/v2\/posts\/9294","targetHints":{"allow":["GET"]}}],"collection":[{"href":"https:\/\/zspolczyn.edu.pl\/index.php?rest_route=\/wp\/v2\/posts"}],"about":[{"href":"https:\/\/zspolczyn.edu.pl\/index.php?rest_route=\/wp\/v2\/types\/post"}],"author":[{"embeddable":true,"href":"https:\/\/zspolczyn.edu.pl\/index.php?rest_route=\/wp\/v2\/users\/5"}],"replies":[{"embeddable":true,"href":"https:\/\/zspolczyn.edu.pl\/index.php?rest_route=%2Fwp%2Fv2%2Fcomments&post=9294"}],"version-history":[{"count":3,"href":"https:\/\/zspolczyn.edu.pl\/index.php?rest_route=\/wp\/v2\/posts\/9294\/revisions"}],"predecessor-version":[{"id":9309,"href":"https:\/\/zspolczyn.edu.pl\/index.php?rest_route=\/wp\/v2\/posts\/9294\/revisions\/9309"}],"wp:featuredmedia":[{"embeddable":true,"href":"https:\/\/zspolczyn.edu.pl\/index.php?rest_route=\/wp\/v2\/media\/9295"}],"wp:attachment":[{"href":"https:\/\/zspolczyn.edu.pl\/index.php?rest_route=%2Fwp%2Fv2%2Fmedia&parent=9294"}],"wp:term":[{"taxonomy":"category","embeddable":true,"href":"https:\/\/zspolczyn.edu.pl\/index.php?rest_route=%2Fwp%2Fv2%2Fcategories&post=9294"},{"taxonomy":"post_tag","embeddable":true,"href":"https:\/\/zspolczyn.edu.pl\/index.php?rest_route=%2Fwp%2Fv2%2Ftags&post=9294"}],"curies":[{"name":"wp","href":"https:\/\/api.w.org\/{rel}","templated":true}]}}