{"id":9332,"date":"2025-10-27T09:43:19","date_gmt":"2025-10-27T08:43:19","guid":{"rendered":"http:\/\/zspolczyn.edu.pl\/?p=9332"},"modified":"2025-10-27T09:49:49","modified_gmt":"2025-10-27T08:49:49","slug":"mlodziezowa-rada-miasta-wybrana","status":"publish","type":"post","link":"https:\/\/zspolczyn.edu.pl\/?p=9332","title":{"rendered":"M\u0142odzie\u017cowa Rada Miasta wybrana!"},"content":{"rendered":"\n<p>W dniach 22-23 pa\u017adziernika na terenie Zespo\u0142u Szk\u00f3\u0142 odby\u0142y si\u0119 wybory do M\u0142odzie\u017cowej Rady Miasta.<\/p>\n\n\n\n<p>Liczba uprawnionych do g\u0142osowania \u2013 392 uczni\u00f3w i uczennic<br>Oddano 309 g\u0142os\u00f3w, z czego g\u0142os\u00f3w wa\u017cnych \u2013 288.<br><br>Do M\u0142odzie\u017cowej Rady Miasta zostali wybrani:<\/p>\n\n\n\n<p>Wiktor Tomaszewski \u2013 95 g\u0142os\u00f3w<\/p>\n\n\n\n<p>Weronika Wilk \u2013 29 g\u0142os\u00f3w<\/p>\n\n\n\n<p>Aleksander Krysiak \u2013 27 g\u0142os\u00f3w<\/p>\n\n\n\n<p>Maja Wilniewicz \u2013 18 g\u0142os\u00f3w<\/p>\n\n\n\n<p>Iwo Glezner \u2013 18 g\u0142os\u00f3w<\/p>\n\n\n\n<p>Maria Mizu\u0142a \u2013 18 g\u0142os\u00f3w<\/p>\n\n\n\n<p><\/p>\n\n\n\n<p>Gratulujemy!<\/p>\n\n\n\n<ul class=\"wp-block-social-links is-layout-flex wp-block-social-links-is-layout-flex\"><li class=\"wp-social-link wp-social-link-facebook  wp-block-social-link\"><a href=\"https:\/\/www.facebook.com\/zsppolczyn\/posts\/pfbid079TkBrUjYNLeGpRb7F4wyHBxosLy9Axvt1nXMtfuX9BUjij4UqtHGaoAGdWEfU7wl\" class=\"wp-block-social-link-anchor\"><svg width=\"24\" height=\"24\" viewBox=\"0 0 24 24\" version=\"1.1\" xmlns=\"http:\/\/www.w3.org\/2000\/svg\" aria-hidden=\"true\" focusable=\"false\"><path d=\"M12 2C6.5 2 2 6.5 2 12c0 5 3.7 9.1 8.4 9.9v-7H7.9V12h2.5V9.8c0-2.5 1.5-3.9 3.8-3.9 1.1 0 2.2.2 2.2.2v2.5h-1.3c-1.2 0-1.6.8-1.6 1.6V12h2.8l-.4 2.9h-2.3v7C18.3 21.1 22 17 22 12c0-5.5-4.5-10-10-10z\"><\/path><\/svg><span class=\"wp-block-social-link-label screen-reader-text\">Facebook<\/span><\/a><\/li><\/ul>\n\n\n\n<p><\/p>\n","protected":false},"excerpt":{"rendered":"","protected":false},"author":5,"featured_media":9336,"comment_status":"closed","ping_status":"closed","sticky":false,"template":"","format":"standard","meta":{"footnotes":""},"categories":[46],"tags":[],"class_list":["post-9332","post","type-post","status-publish","format-standard","has-post-thumbnail","hentry","category-rok-szkolny-2024-2025"],"_links":{"self":[{"href":"https:\/\/zspolczyn.edu.pl\/index.php?rest_route=\/wp\/v2\/posts\/9332","targetHints":{"allow":["GET"]}}],"collection":[{"href":"https:\/\/zspolczyn.edu.pl\/index.php?rest_route=\/wp\/v2\/posts"}],"about":[{"href":"https:\/\/zspolczyn.edu.pl\/index.php?rest_route=\/wp\/v2\/types\/post"}],"author":[{"embeddable":true,"href":"https:\/\/zspolczyn.edu.pl\/index.php?rest_route=\/wp\/v2\/users\/5"}],"replies":[{"embeddable":true,"href":"https:\/\/zspolczyn.edu.pl\/index.php?rest_route=%2Fwp%2Fv2%2Fcomments&post=9332"}],"version-history":[{"count":2,"href":"https:\/\/zspolczyn.edu.pl\/index.php?rest_route=\/wp\/v2\/posts\/9332\/revisions"}],"predecessor-version":[{"id":9335,"href":"https:\/\/zspolczyn.edu.pl\/index.php?rest_route=\/wp\/v2\/posts\/9332\/revisions\/9335"}],"wp:featuredmedia":[{"embeddable":true,"href":"https:\/\/zspolczyn.edu.pl\/index.php?rest_route=\/wp\/v2\/media\/9336"}],"wp:attachment":[{"href":"https:\/\/zspolczyn.edu.pl\/index.php?rest_route=%2Fwp%2Fv2%2Fmedia&parent=9332"}],"wp:term":[{"taxonomy":"category","embeddable":true,"href":"https:\/\/zspolczyn.edu.pl\/index.php?rest_route=%2Fwp%2Fv2%2Fcategories&post=9332"},{"taxonomy":"post_tag","embeddable":true,"href":"https:\/\/zspolczyn.edu.pl\/index.php?rest_route=%2Fwp%2Fv2%2Ftags&post=9332"}],"curies":[{"name":"wp","href":"https:\/\/api.w.org\/{rel}","templated":true}]}}