{"id":9337,"date":"2025-10-29T09:41:51","date_gmt":"2025-10-29T08:41:51","guid":{"rendered":"http:\/\/zspolczyn.edu.pl\/?p=9337"},"modified":"2025-10-29T09:41:51","modified_gmt":"2025-10-29T08:41:51","slug":"jubileuszowa-gala-80-lecia-oswiaty-polskiej-na-pomorzu-zachodnim","status":"publish","type":"post","link":"https:\/\/zspolczyn.edu.pl\/?p=9337","title":{"rendered":"Jubileuszowa Gala 80-lecia o\u015bwiaty polskiej na Pomorzu Zachodnim"},"content":{"rendered":"\n<p>Wczoraj w pi\u0119knych przestrzeniach Teatru Polskiego w Szczecinie, dzi\u0119ki zaanga\u017cowaniu Marsza\u0142ka Wojew\u00f3dztwa Zachodniopomorskiego, Dyrekcji Teatru i jego pracownik\u00f3w, odby\u0142a si\u0119 jubileuszowa uroczysto\u015b\u0107 z okazji 80-lecia o\u015bwiaty polskiej na Pomorzu Zachodnim. W wydarzeniu, reprezentuj\u0105c szko\u0142\u0119, wzi\u0119\u0142a udzia\u0142 Dyrektorka Zespo\u0142u Szk\u00f3\u0142 w Po\u0142czynie-Zdroju &#8211; Pani Krystyna Kawicz-\u017babska. Podczas Gali nasza szko\u0142a zosta\u0142a wyr\u00f3\u017cniona przez Zachodniopomorskiego Kuratora O\u015bwiaty <a href=\"https:\/\/www.facebook.com\/kuratorium.szczecin?__cft__%5b0%5d=AZVqtzxSd1UXV9pxqwTbPqyVCFvjBjEC2Ac7Bt8e2H2n3At-TD2SvChBATcvqSCdE-YeD9lBxePKA-tz9kGU4oXSo7TtmDJx3EdYftqcq8z7kCEPEsf4U4sGZDvFsR81JSdE9PeMmyifC8qDi52ogBv_MFI8TCiit5CJ40czmuOSsg&amp;__tn__=-%5dK-R\"><strong>Kuratorium O\u015bwiaty w Szczecinie<\/strong><\/a> za wieloletni\u0105, owocn\u0105 wsp\u00f3\u0142prac\u0119 oraz dzia\u0142ania na rzecz rozwoju edukacji zawodowej w regionie. W li\u015bcie pami\u0105tkowym Zachodniopomorski Kurator O\u015bwiaty podzi\u0119kowa\u0142 nauczycielom i pracownikom Zespo\u0142u Szk\u00f3\u0142 za zaanga\u017cowanie, pomoc i wsparcie udzielane podczas organizacji konkurs\u00f3w przedmiotowych, kt\u00f3re s\u0105 wa\u017cnym elementem w rozwijaniu pasji, talent\u00f3w i ambicji uczni\u00f3w.<\/p>\n\n\n\n<p>\u015alemy podzi\u0119kowania za zaproszenie i mo\u017cliwo\u015b\u0107 udzia\u0142u w tym wyj\u0105tkowym wydarzeniu.<\/p>\n\n\n\n<p>To wielki zaszczyt by\u0107 cz\u0119\u015bci\u0105 historii zachodniopomorskiej edukacji!<\/p>\n\n\n\n<p><a href=\"https:\/\/www.facebook.com\/hashtag\/kuratorium?__eep__=6&amp;__cft__%5b0%5d=AZVqtzxSd1UXV9pxqwTbPqyVCFvjBjEC2Ac7Bt8e2H2n3At-TD2SvChBATcvqSCdE-YeD9lBxePKA-tz9kGU4oXSo7TtmDJx3EdYftqcq8z7kCEPEsf4U4sGZDvFsR81JSdE9PeMmyifC8qDi52ogBv_MFI8TCiit5CJ40czmuOSsg&amp;__tn__=*NK-R\"><strong>#Kuratorium<\/strong><\/a> O\u015bwiaty w Szczecinie<\/p>\n\n\n\n<figure class=\"wp-block-image size-large\"><img fetchpriority=\"high\" decoding=\"async\" width=\"768\" height=\"1024\" src=\"http:\/\/zspolczyn.edu.pl\/wp-content\/uploads\/2025\/10\/kk-768x1024.jpg\" alt=\"\" class=\"wp-image-9338\" srcset=\"https:\/\/zspolczyn.edu.pl\/wp-content\/uploads\/2025\/10\/kk-768x1024.jpg 768w, https:\/\/zspolczyn.edu.pl\/wp-content\/uploads\/2025\/10\/kk-225x300.jpg 225w, https:\/\/zspolczyn.edu.pl\/wp-content\/uploads\/2025\/10\/kk-300x400.jpg 300w, https:\/\/zspolczyn.edu.pl\/wp-content\/uploads\/2025\/10\/kk-1152x1536.jpg 1152w, https:\/\/zspolczyn.edu.pl\/wp-content\/uploads\/2025\/10\/kk-263x350.jpg 263w, https:\/\/zspolczyn.edu.pl\/wp-content\/uploads\/2025\/10\/kk.jpg 1536w\" sizes=\"(max-width: 768px) 100vw, 768px\" \/><\/figure>\n\n\n\n<figure class=\"wp-block-image size-large\"><img decoding=\"async\" width=\"711\" height=\"1024\" data-src=\"http:\/\/zspolczyn.edu.pl\/wp-content\/uploads\/2025\/10\/kkkkk-711x1024.jpg\" alt=\"\" class=\"wp-image-9340 lazyload\" data-srcset=\"https:\/\/zspolczyn.edu.pl\/wp-content\/uploads\/2025\/10\/kkkkk-711x1024.jpg 711w, https:\/\/zspolczyn.edu.pl\/wp-content\/uploads\/2025\/10\/kkkkk-208x300.jpg 208w, https:\/\/zspolczyn.edu.pl\/wp-content\/uploads\/2025\/10\/kkkkk-768x1107.jpg 768w, https:\/\/zspolczyn.edu.pl\/wp-content\/uploads\/2025\/10\/kkkkk-1066x1536.jpg 1066w, https:\/\/zspolczyn.edu.pl\/wp-content\/uploads\/2025\/10\/kkkkk-243x350.jpg 243w, https:\/\/zspolczyn.edu.pl\/wp-content\/uploads\/2025\/10\/kkkkk.jpg 1095w\" data-sizes=\"(max-width: 711px) 100vw, 711px\" src=\"data:image\/svg+xml;base64,PHN2ZyB3aWR0aD0iMSIgaGVpZ2h0PSIxIiB4bWxucz0iaHR0cDovL3d3dy53My5vcmcvMjAwMC9zdmciPjwvc3ZnPg==\" style=\"--smush-placeholder-width: 711px; --smush-placeholder-aspect-ratio: 711\/1024;\" \/><\/figure>\n","protected":false},"excerpt":{"rendered":"","protected":false},"author":5,"featured_media":9339,"comment_status":"closed","ping_status":"closed","sticky":false,"template":"","format":"standard","meta":{"footnotes":""},"categories":[47],"tags":[],"class_list":["post-9337","post","type-post","status-publish","format-standard","has-post-thumbnail","hentry","category-rok-szkolny-2025-2026"],"_links":{"self":[{"href":"https:\/\/zspolczyn.edu.pl\/index.php?rest_route=\/wp\/v2\/posts\/9337","targetHints":{"allow":["GET"]}}],"collection":[{"href":"https:\/\/zspolczyn.edu.pl\/index.php?rest_route=\/wp\/v2\/posts"}],"about":[{"href":"https:\/\/zspolczyn.edu.pl\/index.php?rest_route=\/wp\/v2\/types\/post"}],"author":[{"embeddable":true,"href":"https:\/\/zspolczyn.edu.pl\/index.php?rest_route=\/wp\/v2\/users\/5"}],"replies":[{"embeddable":true,"href":"https:\/\/zspolczyn.edu.pl\/index.php?rest_route=%2Fwp%2Fv2%2Fcomments&post=9337"}],"version-history":[{"count":1,"href":"https:\/\/zspolczyn.edu.pl\/index.php?rest_route=\/wp\/v2\/posts\/9337\/revisions"}],"predecessor-version":[{"id":9341,"href":"https:\/\/zspolczyn.edu.pl\/index.php?rest_route=\/wp\/v2\/posts\/9337\/revisions\/9341"}],"wp:featuredmedia":[{"embeddable":true,"href":"https:\/\/zspolczyn.edu.pl\/index.php?rest_route=\/wp\/v2\/media\/9339"}],"wp:attachment":[{"href":"https:\/\/zspolczyn.edu.pl\/index.php?rest_route=%2Fwp%2Fv2%2Fmedia&parent=9337"}],"wp:term":[{"taxonomy":"category","embeddable":true,"href":"https:\/\/zspolczyn.edu.pl\/index.php?rest_route=%2Fwp%2Fv2%2Fcategories&post=9337"},{"taxonomy":"post_tag","embeddable":true,"href":"https:\/\/zspolczyn.edu.pl\/index.php?rest_route=%2Fwp%2Fv2%2Ftags&post=9337"}],"curies":[{"name":"wp","href":"https:\/\/api.w.org\/{rel}","templated":true}]}}