{"id":9435,"date":"2025-12-07T17:26:17","date_gmt":"2025-12-07T16:26:17","guid":{"rendered":"https:\/\/zspolczyn.edu.pl\/?p=9435"},"modified":"2025-12-07T17:26:17","modified_gmt":"2025-12-07T16:26:17","slug":"9435","status":"publish","type":"post","link":"https:\/\/zspolczyn.edu.pl\/?p=9435","title":{"rendered":""},"content":{"rendered":"\n<p>International Day of Tolerance zosta\u0142 ustanowiony przez Zgromadzenie Og\u00f3lne ONZ z inicjatywy <a href=\"https:\/\/www.facebook.com\/hashtag\/unesco?__eep__=6&amp;__cft__%5b0%5d=AZWnudvGRNElToqrZ00SLOYo6mtUhHygD_dqp1JOgte5SnPVhRhnPGMmFXZ1aVvRruJjCmIdzyb0FniYRSiT0klskWRBrF2fdGoL9G6RXevYk1W8L3dEI_sySIy2_qgFg_283U-eSZOqos5miVAZoQN3f63k90TIVQJomMtcsv14yEnMEHtYmZCE1keCWINh7Kj-3i80eRcpgVRY_EgkKF1u&amp;__tn__=*NK-R\"><strong>#UNESCO<\/strong><\/a> (1995 rok).Inicjatywa ta spowodowana by\u0142a pog\u0142\u0119biaj\u0105cymi si\u0119 zjawiskami przemocy, rasizmu, antysemityzmu, nacjonalizmu i przede wszystkim &#8211; nietolerancji wobec grup spo\u0142ecznych, mniejszo\u015bci, innych kultur, pogl\u0105d\u00f3w i wybor\u00f3w innych ludzi.<\/p>\n\n\n\n<p>Zjawisku braku szacunku i nietolerancji towarzyszy dyskryminacja i marginalizacja mniejszo\u015bci.<\/p>\n\n\n\n<p>NIE ZGADZAJMY SI\u0118 NA TO!<\/p>\n\n\n\n<p>Cele Dnia Tolerancji to przede wszystkim uwra\u017cliwienie na wszelkiego rodzaju przejawy nietolerancji i dyskryminacji i przypomnienie, \u017ce ka\u017cdy cz\u0142owiek zas\u0142uguje na szacunek i akceptacj\u0119, bez wzgl\u0119du na pochodzenie, kultur\u0119, religi\u0119, oraz wygl\u0105d.<\/p>\n\n\n<div class=\"wp-block-image\">\n<figure class=\"aligncenter size-full\"><img fetchpriority=\"high\" decoding=\"async\" width=\"696\" height=\"391\" src=\"https:\/\/zspolczyn.edu.pl\/wp-content\/uploads\/2025\/12\/toler-fot.jpg\" alt=\"\" class=\"wp-image-9436\" srcset=\"https:\/\/zspolczyn.edu.pl\/wp-content\/uploads\/2025\/12\/toler-fot.jpg 696w, https:\/\/zspolczyn.edu.pl\/wp-content\/uploads\/2025\/12\/toler-fot-300x169.jpg 300w, https:\/\/zspolczyn.edu.pl\/wp-content\/uploads\/2025\/12\/toler-fot-623x350.jpg 623w\" sizes=\"(max-width: 696px) 100vw, 696px\" \/><\/figure>\n<\/div>\n\n\n<ul class=\"wp-block-social-links is-layout-flex wp-block-social-links-is-layout-flex\"><li class=\"wp-social-link wp-social-link-facebook  wp-block-social-link\"><a href=\"https:\/\/www.facebook.com\/reel\/861729699529320\" class=\"wp-block-social-link-anchor\"><svg width=\"24\" height=\"24\" viewBox=\"0 0 24 24\" version=\"1.1\" xmlns=\"http:\/\/www.w3.org\/2000\/svg\" aria-hidden=\"true\" focusable=\"false\"><path d=\"M12 2C6.5 2 2 6.5 2 12c0 5 3.7 9.1 8.4 9.9v-7H7.9V12h2.5V9.8c0-2.5 1.5-3.9 3.8-3.9 1.1 0 2.2.2 2.2.2v2.5h-1.3c-1.2 0-1.6.8-1.6 1.6V12h2.8l-.4 2.9h-2.3v7C18.3 21.1 22 17 22 12c0-5.5-4.5-10-10-10z\"><\/path><\/svg><span class=\"wp-block-social-link-label screen-reader-text\">Facebook<\/span><\/a><\/li><\/ul>\n\n\n\n<p><\/p>\n","protected":false},"excerpt":{"rendered":"","protected":false},"author":3,"featured_media":9436,"comment_status":"closed","ping_status":"closed","sticky":false,"template":"","format":"standard","meta":{"footnotes":""},"categories":[47],"tags":[],"class_list":["post-9435","post","type-post","status-publish","format-standard","has-post-thumbnail","hentry","category-rok-szkolny-2025-2026"],"_links":{"self":[{"href":"https:\/\/zspolczyn.edu.pl\/index.php?rest_route=\/wp\/v2\/posts\/9435","targetHints":{"allow":["GET"]}}],"collection":[{"href":"https:\/\/zspolczyn.edu.pl\/index.php?rest_route=\/wp\/v2\/posts"}],"about":[{"href":"https:\/\/zspolczyn.edu.pl\/index.php?rest_route=\/wp\/v2\/types\/post"}],"author":[{"embeddable":true,"href":"https:\/\/zspolczyn.edu.pl\/index.php?rest_route=\/wp\/v2\/users\/3"}],"replies":[{"embeddable":true,"href":"https:\/\/zspolczyn.edu.pl\/index.php?rest_route=%2Fwp%2Fv2%2Fcomments&post=9435"}],"version-history":[{"count":1,"href":"https:\/\/zspolczyn.edu.pl\/index.php?rest_route=\/wp\/v2\/posts\/9435\/revisions"}],"predecessor-version":[{"id":9437,"href":"https:\/\/zspolczyn.edu.pl\/index.php?rest_route=\/wp\/v2\/posts\/9435\/revisions\/9437"}],"wp:featuredmedia":[{"embeddable":true,"href":"https:\/\/zspolczyn.edu.pl\/index.php?rest_route=\/wp\/v2\/media\/9436"}],"wp:attachment":[{"href":"https:\/\/zspolczyn.edu.pl\/index.php?rest_route=%2Fwp%2Fv2%2Fmedia&parent=9435"}],"wp:term":[{"taxonomy":"category","embeddable":true,"href":"https:\/\/zspolczyn.edu.pl\/index.php?rest_route=%2Fwp%2Fv2%2Fcategories&post=9435"},{"taxonomy":"post_tag","embeddable":true,"href":"https:\/\/zspolczyn.edu.pl\/index.php?rest_route=%2Fwp%2Fv2%2Ftags&post=9435"}],"curies":[{"name":"wp","href":"https:\/\/api.w.org\/{rel}","templated":true}]}}