{"id":9471,"date":"2025-12-07T18:46:24","date_gmt":"2025-12-07T17:46:24","guid":{"rendered":"https:\/\/zspolczyn.edu.pl\/?p=9471"},"modified":"2025-12-07T20:05:18","modified_gmt":"2025-12-07T19:05:18","slug":"swiatowy-dzien-tabliczki-mnozenia","status":"publish","type":"post","link":"https:\/\/zspolczyn.edu.pl\/?p=9471","title":{"rendered":"\u015awiatowy Dzie\u0144 Tabliczki Mno\u017cenia"},"content":{"rendered":"\n<p>Przy okazji wydarzenia, tj. XV edycji \u015awiatowego Dnia Tabliczki Mno\u017cenia, odbywaj\u0105cego si\u0119 w Polsce si\u0119 pod honorowym patronatem Polskiego Komitetu ds. <a href=\"https:\/\/www.facebook.com\/hashtag\/unesco?__eep__=6&amp;__cft__%5b0%5d=AZXDIrItqm09c-tL0hqBrzmJxcyTesoLZP2qAduQCKrvwlcdE40IjqnmMXOSaQSqCfyjA_3n2CHuinQnIpgvq2nA_4d7usVT3-kTa3h2x6xsmmxYtuC1rHzHq1UrSU6y_AKenkbclsytSPWv7reIgtkONbMamC2uCNn2gwEZ1pfUhtPR-QftWA9MC1RKt4btK3Y&amp;__tn__=*NK-R\"><strong>#UNESCO<\/strong><\/a>, <a href=\"https:\/\/www.facebook.com\/sp1PolczynZdroj?__cft__%5b0%5d=AZXDIrItqm09c-tL0hqBrzmJxcyTesoLZP2qAduQCKrvwlcdE40IjqnmMXOSaQSqCfyjA_3n2CHuinQnIpgvq2nA_4d7usVT3-kTa3h2x6xsmmxYtuC1rHzHq1UrSU6y_AKenkbclsytSPWv7reIgtkONbMamC2uCNn2gwEZ1pfUhtPR-QftWA9MC1RKt4btK3Y&amp;__tn__=-%5dK-R\"><strong>Szko\u0142a Podstawowa nr 1 im. Adama Mickiewicza w Po\u0142czynie-Zdroju<\/strong><\/a> postawi\u0142a wyzwanie uczniom naszej szko\u0142y. G\u0142\u00f3wnym has\u0142em jest &#8222;M\u0142odsi (z &#8222;Jedynki&#8221;) sprawdzaj\u0105, czy starsi &nbsp;&nbsp;&nbsp;(z Zespo\u0142u Szk\u00f3\u0142) tabliczk\u0119 mno\u017cenia znaj\u0105&#8221;.<\/p>\n\n\n\n<p>W zwi\u0105zku z tym wyzwaniem, konkurs zosta\u0142 przeprowadzony na platformie Wayground (dawniej Quizizz) i mia\u0142 form\u0119 testu. Do rozwi\u0105zania testu potrzebny by\u0142 w\u0142asny smartfon. &nbsp;&nbsp;O zwyci\u0119stwie decydowa\u0142a nie tylko poprawno\u015b\u0107 udzielonych odpowiedzi, ale i czas rozwi\u0105zania testu.<\/p>\n\n\n\n<p>Do walki o wiedz\u0119 przyst\u0105pi\u0142o 17 os\u00f3b z Zespo\u0142u Szk\u00f3\u0142 a zwyci\u0119stwo odnios\u0142a Amelia Grosicka z klasy 4 TR. Gratulujemy!<\/p>\n\n\n\n<p>Nagrod\u0119 dla zwyci\u0119\u017cczyni ufundowa\u0142a Rada Rodzic\u00f3w <a href=\"https:\/\/www.facebook.com\/sp1PolczynZdroj?__cft__%5b0%5d=AZXDIrItqm09c-tL0hqBrzmJxcyTesoLZP2qAduQCKrvwlcdE40IjqnmMXOSaQSqCfyjA_3n2CHuinQnIpgvq2nA_4d7usVT3-kTa3h2x6xsmmxYtuC1rHzHq1UrSU6y_AKenkbclsytSPWv7reIgtkONbMamC2uCNn2gwEZ1pfUhtPR-QftWA9MC1RKt4btK3Y&amp;__tn__=-%5dK-R\"><strong>Szko\u0142y Podstawowej nr 1 im. Adama Mickiewicza w Po\u0142czynie-Zdroju<\/strong><\/a>. Dzi\u0119kujemy.<\/p>\n\n\n<div class=\"wp-block-image\">\n<figure class=\"aligncenter size-large is-resized\"><img fetchpriority=\"high\" decoding=\"async\" width=\"1024\" height=\"624\" src=\"https:\/\/zspolczyn.edu.pl\/wp-content\/uploads\/2025\/12\/3-6-1024x624.jpg\" alt=\"\" class=\"wp-image-9472\" style=\"aspect-ratio:1.6410434685874795;width:752px;height:auto\" srcset=\"https:\/\/zspolczyn.edu.pl\/wp-content\/uploads\/2025\/12\/3-6-1024x624.jpg 1024w, https:\/\/zspolczyn.edu.pl\/wp-content\/uploads\/2025\/12\/3-6-300x183.jpg 300w, https:\/\/zspolczyn.edu.pl\/wp-content\/uploads\/2025\/12\/3-6-768x468.jpg 768w, https:\/\/zspolczyn.edu.pl\/wp-content\/uploads\/2025\/12\/3-6-1536x936.jpg 1536w, https:\/\/zspolczyn.edu.pl\/wp-content\/uploads\/2025\/12\/3-6-574x350.jpg 574w, https:\/\/zspolczyn.edu.pl\/wp-content\/uploads\/2025\/12\/3-6.jpg 2048w\" sizes=\"(max-width: 1024px) 100vw, 1024px\" \/><\/figure>\n<\/div>\n\n\n<p><\/p>\n\n\n\n<div class=\"wp-block-columns is-layout-flex wp-container-core-columns-is-layout-9d6595d7 wp-block-columns-is-layout-flex\">\n<div class=\"wp-block-column is-layout-flow wp-block-column-is-layout-flow\">\n<figure class=\"wp-block-image size-large\"><img decoding=\"async\" width=\"1024\" height=\"768\" data-src=\"https:\/\/zspolczyn.edu.pl\/wp-content\/uploads\/2025\/12\/2-6-1024x768.jpg\" alt=\"\" class=\"wp-image-9473 lazyload\" data-srcset=\"https:\/\/zspolczyn.edu.pl\/wp-content\/uploads\/2025\/12\/2-6-1024x768.jpg 1024w, https:\/\/zspolczyn.edu.pl\/wp-content\/uploads\/2025\/12\/2-6-300x225.jpg 300w, https:\/\/zspolczyn.edu.pl\/wp-content\/uploads\/2025\/12\/2-6-768x576.jpg 768w, https:\/\/zspolczyn.edu.pl\/wp-content\/uploads\/2025\/12\/2-6-1536x1152.jpg 1536w, https:\/\/zspolczyn.edu.pl\/wp-content\/uploads\/2025\/12\/2-6-467x350.jpg 467w, https:\/\/zspolczyn.edu.pl\/wp-content\/uploads\/2025\/12\/2-6.jpg 2048w\" data-sizes=\"(max-width: 1024px) 100vw, 1024px\" src=\"data:image\/svg+xml;base64,PHN2ZyB3aWR0aD0iMSIgaGVpZ2h0PSIxIiB4bWxucz0iaHR0cDovL3d3dy53My5vcmcvMjAwMC9zdmciPjwvc3ZnPg==\" style=\"--smush-placeholder-width: 1024px; --smush-placeholder-aspect-ratio: 1024\/768;\" \/><\/figure>\n<\/div>\n\n\n\n<div class=\"wp-block-column is-layout-flow wp-block-column-is-layout-flow\">\n<figure class=\"wp-block-image size-large\"><img decoding=\"async\" width=\"1024\" height=\"768\" data-src=\"https:\/\/zspolczyn.edu.pl\/wp-content\/uploads\/2025\/12\/4-2-1024x768.jpg\" alt=\"\" class=\"wp-image-9474 lazyload\" data-srcset=\"https:\/\/zspolczyn.edu.pl\/wp-content\/uploads\/2025\/12\/4-2-1024x768.jpg 1024w, https:\/\/zspolczyn.edu.pl\/wp-content\/uploads\/2025\/12\/4-2-300x225.jpg 300w, https:\/\/zspolczyn.edu.pl\/wp-content\/uploads\/2025\/12\/4-2-768x576.jpg 768w, https:\/\/zspolczyn.edu.pl\/wp-content\/uploads\/2025\/12\/4-2-1536x1152.jpg 1536w, https:\/\/zspolczyn.edu.pl\/wp-content\/uploads\/2025\/12\/4-2-467x350.jpg 467w, https:\/\/zspolczyn.edu.pl\/wp-content\/uploads\/2025\/12\/4-2.jpg 2048w\" data-sizes=\"(max-width: 1024px) 100vw, 1024px\" src=\"data:image\/svg+xml;base64,PHN2ZyB3aWR0aD0iMSIgaGVpZ2h0PSIxIiB4bWxucz0iaHR0cDovL3d3dy53My5vcmcvMjAwMC9zdmciPjwvc3ZnPg==\" style=\"--smush-placeholder-width: 1024px; --smush-placeholder-aspect-ratio: 1024\/768;\" \/><\/figure>\n<\/div>\n<\/div>\n","protected":false},"excerpt":{"rendered":"","protected":false},"author":3,"featured_media":9475,"comment_status":"closed","ping_status":"closed","sticky":false,"template":"","format":"standard","meta":{"footnotes":""},"categories":[47],"tags":[],"class_list":["post-9471","post","type-post","status-publish","format-standard","has-post-thumbnail","hentry","category-rok-szkolny-2025-2026"],"_links":{"self":[{"href":"https:\/\/zspolczyn.edu.pl\/index.php?rest_route=\/wp\/v2\/posts\/9471","targetHints":{"allow":["GET"]}}],"collection":[{"href":"https:\/\/zspolczyn.edu.pl\/index.php?rest_route=\/wp\/v2\/posts"}],"about":[{"href":"https:\/\/zspolczyn.edu.pl\/index.php?rest_route=\/wp\/v2\/types\/post"}],"author":[{"embeddable":true,"href":"https:\/\/zspolczyn.edu.pl\/index.php?rest_route=\/wp\/v2\/users\/3"}],"replies":[{"embeddable":true,"href":"https:\/\/zspolczyn.edu.pl\/index.php?rest_route=%2Fwp%2Fv2%2Fcomments&post=9471"}],"version-history":[{"count":2,"href":"https:\/\/zspolczyn.edu.pl\/index.php?rest_route=\/wp\/v2\/posts\/9471\/revisions"}],"predecessor-version":[{"id":9515,"href":"https:\/\/zspolczyn.edu.pl\/index.php?rest_route=\/wp\/v2\/posts\/9471\/revisions\/9515"}],"wp:featuredmedia":[{"embeddable":true,"href":"https:\/\/zspolczyn.edu.pl\/index.php?rest_route=\/wp\/v2\/media\/9475"}],"wp:attachment":[{"href":"https:\/\/zspolczyn.edu.pl\/index.php?rest_route=%2Fwp%2Fv2%2Fmedia&parent=9471"}],"wp:term":[{"taxonomy":"category","embeddable":true,"href":"https:\/\/zspolczyn.edu.pl\/index.php?rest_route=%2Fwp%2Fv2%2Fcategories&post=9471"},{"taxonomy":"post_tag","embeddable":true,"href":"https:\/\/zspolczyn.edu.pl\/index.php?rest_route=%2Fwp%2Fv2%2Ftags&post=9471"}],"curies":[{"name":"wp","href":"https:\/\/api.w.org\/{rel}","templated":true}]}}